{"id":5657,"date":"2025-07-24T11:45:18","date_gmt":"2025-07-24T11:45:18","guid":{"rendered":"https:\/\/dev.mediumterm.ch\/\/?p=5657"},"modified":"2025-07-31T08:58:38","modified_gmt":"2025-07-31T08:58:38","slug":"elementor-5657","status":"publish","type":"post","link":"https:\/\/mediumterm.ch\/fr\/elementor-5657\/","title":{"rendered":"Pourquoi les locations \u00e0 moyen terme sont en plein essor \u00e0 Lugano : Une alternative plus intelligente \u00e0 Airbnb et aux baux traditionnels"},"content":{"rendered":"<div data-elementor-type=\"wp-post\" data-elementor-id=\"5657\" class=\"elementor elementor-5657\">\n\t\t\t\t<div class=\"elementor-element elementor-element-6a0d287 e-flex e-con-boxed e-con e-parent\" data-id=\"6a0d287\" data-element_type=\"container\" data-e-type=\"container\">\n\t\t\t\t\t<div class=\"e-con-inner\">\n\t\t\t\t<div class=\"elementor-element elementor-element-eb11b91 elementor-widget elementor-widget-text-editor\" data-id=\"eb11b91\" data-element_type=\"widget\" data-e-type=\"widget\" data-widget_type=\"text-editor.default\">\n\t\t\t\t<div class=\"elementor-widget-container\">\n\t\t\t\t\t\t\t\t\t<p><span data-olk-copy-source=\"MessageBody\">Alors que Lugano se transforme en destination pour les professionnels internationaux, les travailleurs nomades et les familles en transition, le march\u00e9 locatif local \u00e9volue. Les mod\u00e8les classiques \u2014 s\u00e9jours de courte dur\u00e9e de type Airbnb ou contrats de longue dur\u00e9e de 12 mois \u2014 ne r\u00e9pondent plus aux besoins des locataires mobiles d'aujourd'hui. C'est l\u00e0 qu'interviennent les locations de moyenne dur\u00e9e.<\/span><\/p>\t\t\t\t\t\t\t\t<\/div>\n\t\t\t\t<\/div>\n\t\t\t\t<div class=\"elementor-element elementor-element-3f49dbc elementor-widget elementor-widget-heading\" data-id=\"3f49dbc\" data-element_type=\"widget\" data-e-type=\"widget\" data-widget_type=\"heading.default\">\n\t\t\t\t<div class=\"elementor-widget-container\">\n\t\t\t\t\t<h2 class=\"elementor-heading-title elementor-size-default\">Qu'est-ce qu'une location moyenne dur\u00e9e ?<\/h2>\t\t\t\t<\/div>\n\t\t\t\t<\/div>\n\t\t\t\t<div class=\"elementor-element elementor-element-f6c04a2 elementor-widget elementor-widget-text-editor\" data-id=\"f6c04a2\" data-element_type=\"widget\" data-e-type=\"widget\" data-widget_type=\"text-editor.default\">\n\t\t\t\t<div class=\"elementor-widget-container\">\n\t\t\t\t\t\t\t\t\t<p><span data-olk-copy-source=\"MessageBody\">Une location de moyenne dur\u00e9e d\u00e9signe un logement enti\u00e8rement meubl\u00e9 disponible pour une p\u00e9riode d'un \u00e0 six mois. Elle offre de la flexibilit\u00e9 sans les co\u00fbts \u00e9lev\u00e9s et la rotation fr\u00e9quente des courts s\u00e9jours, et sans la rigidit\u00e9 des baux \u00e0 long terme. Dans une ville comme Lugano, o\u00f9 les gens d\u00e9m\u00e9nagent souvent temporairement pour le travail, les \u00e9tudes ou des projets personnels, ce mod\u00e8le devient rapidement la solution de r\u00e9f\u00e9rence.<\/span><\/p>\t\t\t\t\t\t\t\t<\/div>\n\t\t\t\t<\/div>\n\t\t\t\t<div class=\"elementor-element elementor-element-c7e7259 elementor-widget elementor-widget-heading\" data-id=\"c7e7259\" data-element_type=\"widget\" data-e-type=\"widget\" data-widget_type=\"heading.default\">\n\t\t\t\t<div class=\"elementor-widget-container\">\n\t\t\t\t\t<h2 class=\"elementor-heading-title elementor-size-default\"><!--StartFragment--><span style=\"font-size: 13pt;font-family: Arial, sans-serif;vertical-align: baseline\" data-olk-copy-source=\"MessageBody\">\u00c0 qui profite ce mod\u00e8le ?<\/span><!--EndFragment--><\/h2>\t\t\t\t<\/div>\n\t\t\t\t<\/div>\n\t\t\t\t<div class=\"elementor-element elementor-element-a35758c elementor-widget elementor-widget-text-editor\" data-id=\"a35758c\" data-element_type=\"widget\" data-e-type=\"widget\" data-widget_type=\"text-editor.default\">\n\t\t\t\t<div class=\"elementor-widget-container\">\n\t\t\t\t\t\t\t\t\t<ul><li dir=\"ltr\" role=\"presentation\">Nomades digitaux qui ont besoin d'une base confortable et stable avec un Internet rapide et des conditions de t\u00e9l\u00e9travail<\/li><li dir=\"ltr\" role=\"presentation\">Expatri\u00e9s et consultants en contrats de courte dur\u00e9e qui veulent plus qu'une chambre d'h\u00f4tel<\/li><li>ressortissants suisses entre deux logements ou r\u00e9novant leur bien immobilier<\/li><li>Les familles qui emm\u00e9nagent \u00e0 Lugano et qui ont besoin de temps avant de s'installer dans un logement permanent<\/li><\/ul>\t\t\t\t\t\t\t\t<\/div>\n\t\t\t\t<\/div>\n\t\t\t\t<div class=\"elementor-element elementor-element-1d440bc elementor-widget elementor-widget-heading\" data-id=\"1d440bc\" data-element_type=\"widget\" data-e-type=\"widget\" data-widget_type=\"heading.default\">\n\t\t\t\t<div class=\"elementor-widget-container\">\n\t\t\t\t\t<h2 class=\"elementor-heading-title elementor-size-default\">Pourquoi le moyen terme fonctionne \u00e0 Lugano<\/h2>\t\t\t\t<\/div>\n\t\t\t\t<\/div>\n\t\t\t\t<div class=\"elementor-element elementor-element-8f709e1 elementor-widget elementor-widget-text-editor\" data-id=\"8f709e1\" data-element_type=\"widget\" data-e-type=\"widget\" data-widget_type=\"text-editor.default\">\n\t\t\t\t<div class=\"elementor-widget-container\">\n\t\t\t\t\t\t\t\t\t<p dir=\"ltr\"><span data-olk-copy-source=\"MessageBody\">Lugano offre une combinaison unique d'affaires, de style de vie et de nature. C'est un p\u00f4le en plein essor pour les professionnels frontaliers, les \u00e9coles internationales et les travailleurs distants attir\u00e9s par les infrastructures et la qualit\u00e9 de vie de la Suisse. Cependant, le march\u00e9 locatif de la ville repose encore largement sur des baux \u00e0 long terme qui n\u00e9cessitent des dossiers complexes, des r\u00e9f\u00e9rences et des engagements pluriannuels.<\/span><\/p><p dir=\"ltr\">Les locations de moyen terme r\u00e9pondent aux besoins des locataires modernes : elles sont flexibles, pr\u00eates \u00e0 emm\u00e9nager et enti\u00e8rement \u00e9quip\u00e9es \u2014 incluant le Wi-Fi, les ustensiles de cuisine, les machines \u00e0 laver, et bien plus encore. Elles \u00e9liminent les frictions li\u00e9es au d\u00e9m\u00e9nagement et offrent un sentiment de stabilit\u00e9, m\u00eame pour des s\u00e9jours temporaires.<\/p>\t\t\t\t\t\t\t\t<\/div>\n\t\t\t\t<\/div>\n\t\t\t\t<div class=\"elementor-element elementor-element-6e320e0 elementor-widget elementor-widget-heading\" data-id=\"6e320e0\" data-element_type=\"widget\" data-e-type=\"widget\" data-widget_type=\"heading.default\">\n\t\t\t\t<div class=\"elementor-widget-container\">\n\t\t\t\t\t<h2 class=\"elementor-heading-title elementor-size-default\">Comment medium.ch simplifie les choses<\/h2>\t\t\t\t<\/div>\n\t\t\t\t<\/div>\n\t\t\t\t<div class=\"elementor-element elementor-element-fe2a285 elementor-widget elementor-widget-text-editor\" data-id=\"fe2a285\" data-element_type=\"widget\" data-e-type=\"widget\" data-widget_type=\"text-editor.default\">\n\t\t\t\t<div class=\"elementor-widget-container\">\n\t\t\t\t\t\t\t\t\t<p dir=\"ltr\"><span data-olk-copy-source=\"MessageBody\">C'est l\u00e0 qu'intervient mediumterm.ch. La plateforme met en relation les propri\u00e9taires \u00e0 Lugano avec des locataires de confiance recherchant des baux flexibles. Chaque annonce est v\u00e9rifi\u00e9e, pr\u00e9sent\u00e9e de mani\u00e8re professionnelle et ax\u00e9e sur les besoins r\u00e9els de la vie flexible. Gr\u00e2ce \u00e0 des prix transparents et \u00e0 une communication num\u00e9rique, elle \u00e9limine les va-et-vient de la location traditionnelle.<\/span><\/p><p dir=\"ltr\"><strong>Pas de bureaucratie. Pas de rotation de style touristique. Rien que de la vie propre et confortable \u2014 aussi longtemps que vous en avez besoin.<\/strong><\/p>\t\t\t\t\t\t\t\t<\/div>\n\t\t\t\t<\/div>\n\t\t\t\t\t<\/div>\n\t\t\t\t<\/div>\n\t\t\t\t<\/div>","protected":false},"excerpt":{"rendered":"<p>As Lugano evolves into a destination for international professionals, remote workers, and families in transition, the local rental market is changing. The classic models \u2014 short Airbnb-style stays or long 12-month contracts \u2014 no longer fit the needs of today\u2019s mobile tenants. That\u2019s where medium-term rentals come in. What is a Medium-Term Rental? A medium-term [&hellip;]<\/p>\n","protected":false},"author":30,"featured_media":5717,"comment_status":"closed","ping_status":"open","sticky":false,"template":"","format":"standard","meta":{"footnotes":""},"categories":[5],"tags":[],"class_list":["post-5657","post","type-post","status-publish","format-standard","has-post-thumbnail","hentry","category-rentals"],"_links":{"self":[{"href":"https:\/\/mediumterm.ch\/fr\/wp-json\/wp\/v2\/posts\/5657","targetHints":{"allow":["GET"]}}],"collection":[{"href":"https:\/\/mediumterm.ch\/fr\/wp-json\/wp\/v2\/posts"}],"about":[{"href":"https:\/\/mediumterm.ch\/fr\/wp-json\/wp\/v2\/types\/post"}],"author":[{"embeddable":true,"href":"https:\/\/mediumterm.ch\/fr\/wp-json\/wp\/v2\/users\/30"}],"replies":[{"embeddable":true,"href":"https:\/\/mediumterm.ch\/fr\/wp-json\/wp\/v2\/comments?post=5657"}],"version-history":[{"count":8,"href":"https:\/\/mediumterm.ch\/fr\/wp-json\/wp\/v2\/posts\/5657\/revisions"}],"predecessor-version":[{"id":5711,"href":"https:\/\/mediumterm.ch\/fr\/wp-json\/wp\/v2\/posts\/5657\/revisions\/5711"}],"wp:featuredmedia":[{"embeddable":true,"href":"https:\/\/mediumterm.ch\/fr\/wp-json\/wp\/v2\/media\/5717"}],"wp:attachment":[{"href":"https:\/\/mediumterm.ch\/fr\/wp-json\/wp\/v2\/media?parent=5657"}],"wp:term":[{"taxonomy":"category","embeddable":true,"href":"https:\/\/mediumterm.ch\/fr\/wp-json\/wp\/v2\/categories?post=5657"},{"taxonomy":"post_tag","embeddable":true,"href":"https:\/\/mediumterm.ch\/fr\/wp-json\/wp\/v2\/tags?post=5657"}],"curies":[{"name":"bien jou\u00e9","href":"https:\/\/api.w.org\/{rel}","templated":true}]}}