{"id":5657,"date":"2025-07-24T11:45:18","date_gmt":"2025-07-24T11:45:18","guid":{"rendered":"https:\/\/dev.mediumterm.ch\/\/?p=5657"},"modified":"2025-07-31T08:58:38","modified_gmt":"2025-07-31T08:58:38","slug":"elementor-5657","status":"publish","type":"post","link":"https:\/\/mediumterm.ch\/it\/elementor-5657\/","title":{"rendered":"Perch\u00e9 gli affitti a medio termine sono in crescita a Lugano: Un'alternativa pi\u00f9 intelligente ad Airbnb e alle locazioni tradizionali"},"content":{"rendered":"<div data-elementor-type=\"wp-post\" data-elementor-id=\"5657\" class=\"elementor elementor-5657\">\n\t\t\t\t<div class=\"elementor-element elementor-element-6a0d287 e-flex e-con-boxed e-con e-parent\" data-id=\"6a0d287\" data-element_type=\"container\" data-e-type=\"container\">\n\t\t\t\t\t<div class=\"e-con-inner\">\n\t\t\t\t<div class=\"elementor-element elementor-element-eb11b91 elementor-widget elementor-widget-text-editor\" data-id=\"eb11b91\" data-element_type=\"widget\" data-e-type=\"widget\" data-widget_type=\"text-editor.default\">\n\t\t\t\t<div class=\"elementor-widget-container\">\n\t\t\t\t\t\t\t\t\t<p><span data-olk-copy-source=\"MessageBody\">Mentre Lugano si evolve in una meta per professionisti internazionali, lavoratori da remoto e famiglie in transizione, il mercato degli affitti locali sta cambiando. I modelli classici \u2014 soggiorni brevi in stile Airbnb o lunghi contratti di 12 mesi \u2014 non soddisfano pi\u00f9 le esigenze degli inquilini dinamici di oggi. \u00c8 qui che entrano in gioco gli affitti a medio termine.<\/span><\/p>\t\t\t\t\t\t\t\t<\/div>\n\t\t\t\t<\/div>\n\t\t\t\t<div class=\"elementor-element elementor-element-3f49dbc elementor-widget elementor-widget-heading\" data-id=\"3f49dbc\" data-element_type=\"widget\" data-e-type=\"widget\" data-widget_type=\"heading.default\">\n\t\t\t\t<div class=\"elementor-widget-container\">\n\t\t\t\t\t<h2 class=\"elementor-heading-title elementor-size-default\">Cos'\u00e8 un affitto a medio termine?<\/h2>\t\t\t\t<\/div>\n\t\t\t\t<\/div>\n\t\t\t\t<div class=\"elementor-element elementor-element-f6c04a2 elementor-widget elementor-widget-text-editor\" data-id=\"f6c04a2\" data-element_type=\"widget\" data-e-type=\"widget\" data-widget_type=\"text-editor.default\">\n\t\t\t\t<div class=\"elementor-widget-container\">\n\t\t\t\t\t\t\t\t\t<p><span data-olk-copy-source=\"MessageBody\">Un affitto a medio termine si riferisce a una propriet\u00e0 completamente arredata disponibile da uno a sei mesi. Offre flessibilit\u00e0 senza i costi elevati e il frequente ricambio dei soggiorni brevi, e senza la rigidit\u00e0 dei contratti di locazione a lungo termine. In una citt\u00e0 come Lugano, dove le persone spesso si trasferiscono temporaneamente per lavoro, studio o progetti personali, questo modello sta rapidamente diventando la soluzione ideale.<\/span><\/p>\t\t\t\t\t\t\t\t<\/div>\n\t\t\t\t<\/div>\n\t\t\t\t<div class=\"elementor-element elementor-element-c7e7259 elementor-widget elementor-widget-heading\" data-id=\"c7e7259\" data-element_type=\"widget\" data-e-type=\"widget\" data-widget_type=\"heading.default\">\n\t\t\t\t<div class=\"elementor-widget-container\">\n\t\t\t\t\t<h2 class=\"elementor-heading-title elementor-size-default\"><!--StartFragment--><span style=\"font-size: 13pt;font-family: Arial, sans-serif;vertical-align: baseline\" data-olk-copy-source=\"MessageBody\">Chi trae vantaggio da questo modello?<\/span><!--EndFragment--><\/h2>\t\t\t\t<\/div>\n\t\t\t\t<\/div>\n\t\t\t\t<div class=\"elementor-element elementor-element-a35758c elementor-widget elementor-widget-text-editor\" data-id=\"a35758c\" data-element_type=\"widget\" data-e-type=\"widget\" data-widget_type=\"text-editor.default\">\n\t\t\t\t<div class=\"elementor-widget-container\">\n\t\t\t\t\t\t\t\t\t<ul><li dir=\"ltr\" role=\"presentation\">Nomadi digitali che necessitano di una base comoda e stabile con internet veloce e condizioni di lavoro da casa<\/li><li dir=\"ltr\" role=\"presentation\">Espatriati e consulenti con contratti a breve termine che desiderano qualcosa in pi\u00f9 di una camera d'albergo<\/li><li>Cittadini svizzeri tra due case o che stanno ristrutturando le loro propriet\u00e0<\/li><li>Famiglie che si trasferiscono a Lugano e che hanno bisogno di tempo prima di stabilirsi in una casa definitiva<\/li><\/ul>\t\t\t\t\t\t\t\t<\/div>\n\t\t\t\t<\/div>\n\t\t\t\t<div class=\"elementor-element elementor-element-1d440bc elementor-widget elementor-widget-heading\" data-id=\"1d440bc\" data-element_type=\"widget\" data-e-type=\"widget\" data-widget_type=\"heading.default\">\n\t\t\t\t<div class=\"elementor-widget-container\">\n\t\t\t\t\t<h2 class=\"elementor-heading-title elementor-size-default\">Perch\u00e9 il medio termine funziona a Lugano<\/h2>\t\t\t\t<\/div>\n\t\t\t\t<\/div>\n\t\t\t\t<div class=\"elementor-element elementor-element-8f709e1 elementor-widget elementor-widget-text-editor\" data-id=\"8f709e1\" data-element_type=\"widget\" data-e-type=\"widget\" data-widget_type=\"text-editor.default\">\n\t\t\t\t<div class=\"elementor-widget-container\">\n\t\t\t\t\t\t\t\t\t<p dir=\"ltr\"><span data-olk-copy-source=\"MessageBody\">Lugano offre una combinazione unica di lavoro, stile di vita e natura. \u00c8 un polo in crescita per professionisti transfrontalieri, scuole internazionali e lavoratori da remoto attratti dalle infrastrutture e dalla qualit\u00e0 della vita della Svizzera. Tuttavia, il mercato degli affitti della citt\u00e0 si basa ancora in gran parte su contratti a lungo termine che richiedono candidature complesse, referenze e impegni pluriennali.<\/span><\/p><p dir=\"ltr\">Gli affitti a medio termine soddisfano le esigenze dei moderni inquilini: sono flessibili, pronti per essere abitati e completamente attrezzati, inclusi Wi-Fi, stoviglie, lavatrici e altro ancora. Eliminano le difficolt\u00e0 del trasferimento e offrono un senso di stabilit\u00e0, anche per soggiorni temporanei.<\/p>\t\t\t\t\t\t\t\t<\/div>\n\t\t\t\t<\/div>\n\t\t\t\t<div class=\"elementor-element elementor-element-6e320e0 elementor-widget elementor-widget-heading\" data-id=\"6e320e0\" data-element_type=\"widget\" data-e-type=\"widget\" data-widget_type=\"heading.default\">\n\t\t\t\t<div class=\"elementor-widget-container\">\n\t\t\t\t\t<h2 class=\"elementor-heading-title elementor-size-default\">Come mediumterm.ch rende le cose facili<\/h2>\t\t\t\t<\/div>\n\t\t\t\t<\/div>\n\t\t\t\t<div class=\"elementor-element elementor-element-fe2a285 elementor-widget elementor-widget-text-editor\" data-id=\"fe2a285\" data-element_type=\"widget\" data-e-type=\"widget\" data-widget_type=\"text-editor.default\">\n\t\t\t\t<div class=\"elementor-widget-container\">\n\t\t\t\t\t\t\t\t\t<p dir=\"ltr\"><span data-olk-copy-source=\"MessageBody\">\u00c8 qui che entra in gioco mediumterm.ch. La piattaforma mette in contatto i proprietari di immobili a Lugano con inquilini affidabili in cerca di contratti di locazione flessibili. Ogni annuncio \u00e8 verificato, presentato in modo professionale e incentrato sulle reali esigenze dell'abitare flessibile. Con prezzi trasparenti e comunicazione digitale, elimina il fastidio dei tira e molla dell'affitto tradizionale.<\/span><\/p><p dir=\"ltr\"><strong>Niente burocrazia. Nessun ricambio in stile turistico. Solo un alloggio pulito e confortevole, per tutto il tempo di cui hai bisogno.<\/strong><\/p>\t\t\t\t\t\t\t\t<\/div>\n\t\t\t\t<\/div>\n\t\t\t\t\t<\/div>\n\t\t\t\t<\/div>\n\t\t\t\t<\/div>","protected":false},"excerpt":{"rendered":"<p>As Lugano evolves into a destination for international professionals, remote workers, and families in transition, the local rental market is changing. The classic models \u2014 short Airbnb-style stays or long 12-month contracts \u2014 no longer fit the needs of today\u2019s mobile tenants. That\u2019s where medium-term rentals come in. What is a Medium-Term Rental? A medium-term [&hellip;]<\/p>\n","protected":false},"author":30,"featured_media":5717,"comment_status":"closed","ping_status":"open","sticky":false,"template":"","format":"standard","meta":{"footnotes":""},"categories":[5],"tags":[],"class_list":["post-5657","post","type-post","status-publish","format-standard","has-post-thumbnail","hentry","category-rentals"],"_links":{"self":[{"href":"https:\/\/mediumterm.ch\/it\/wp-json\/wp\/v2\/posts\/5657","targetHints":{"allow":["GET"]}}],"collection":[{"href":"https:\/\/mediumterm.ch\/it\/wp-json\/wp\/v2\/posts"}],"about":[{"href":"https:\/\/mediumterm.ch\/it\/wp-json\/wp\/v2\/types\/post"}],"author":[{"embeddable":true,"href":"https:\/\/mediumterm.ch\/it\/wp-json\/wp\/v2\/users\/30"}],"replies":[{"embeddable":true,"href":"https:\/\/mediumterm.ch\/it\/wp-json\/wp\/v2\/comments?post=5657"}],"version-history":[{"count":8,"href":"https:\/\/mediumterm.ch\/it\/wp-json\/wp\/v2\/posts\/5657\/revisions"}],"predecessor-version":[{"id":5711,"href":"https:\/\/mediumterm.ch\/it\/wp-json\/wp\/v2\/posts\/5657\/revisions\/5711"}],"wp:featuredmedia":[{"embeddable":true,"href":"https:\/\/mediumterm.ch\/it\/wp-json\/wp\/v2\/media\/5717"}],"wp:attachment":[{"href":"https:\/\/mediumterm.ch\/it\/wp-json\/wp\/v2\/media?parent=5657"}],"wp:term":[{"taxonomy":"category","embeddable":true,"href":"https:\/\/mediumterm.ch\/it\/wp-json\/wp\/v2\/categories?post=5657"},{"taxonomy":"post_tag","embeddable":true,"href":"https:\/\/mediumterm.ch\/it\/wp-json\/wp\/v2\/tags?post=5657"}],"curies":[{"name":"wp","href":"https:\/\/api.w.org\/{rel}","templated":true}]}}